{"id":181,"date":"2020-03-28T04:10:08","date_gmt":"2020-03-28T04:10:08","guid":{"rendered":"https:\/\/pilarzurita.cl\/?p=181"},"modified":"2020-04-05T22:42:17","modified_gmt":"2020-04-05T22:42:17","slug":"en-el-mes-del-trabajo-pongale-p-e-r-m-a-al-suyo","status":"publish","type":"post","link":"https:\/\/pilarzurita.cl\/?p=181","title":{"rendered":"En el mes del trabajo, \u00a1p\u00f3ngale P.E.R.M.A. al suyo!"},"content":{"rendered":"\n<p>Cuando hablamos de bienestar y salud mental, hay un espacio de nuestra vida al que poca atenci\u00f3n le hemos puesto al respecto: el mundo del trabajo.<\/p>\n\n\n\n<p>Hace ya 17 a\u00f1os, el fundador de la Psicolog\u00eda Positiva Martin Seligman, ha venido trabajando el tema de la felicidad y el bienestar en diversos aspectos de nuestra vida. \u00c9l, como todos los psic\u00f3logos y psiquiatras de la \u00e9poca, estaba muy enfocado en las patolog\u00edas y el malestar de las personas, hasta que se dio cuenta de que era necesario que la disciplina tuviera tambi\u00e9n una alternativa de enfoque y pudiera hablar de lo bueno de los seres humanos, sus fortalezas, virtudes y oportunidades.<\/p>\n\n\n\n<p>Es as\u00ed como comenz\u00f3 a realizar investigaciones en esta l\u00ednea y ya ha hecho much\u00edsimos aportes. Uno de los conceptos interesantes que ha propuesto es el P.E.R.M.A. (acr\u00f3nimo denominado desde la lengua inglesa y que incorpora 5 elementos fundamentales). En espa\u00f1ol, significa lo siguiente:<\/p>\n\n\n\n<figure class=\"wp-block-image size-large is-resized\"><img loading=\"lazy\" decoding=\"async\" src=\"https:\/\/pilarzurita.cl\/wp-content\/uploads\/2020\/03\/PERMA.jpg\" alt=\"\" class=\"wp-image-182\" width=\"594\" height=\"335\" srcset=\"https:\/\/pilarzurita.cl\/wp-content\/uploads\/2020\/03\/PERMA.jpg 1024w, https:\/\/pilarzurita.cl\/wp-content\/uploads\/2020\/03\/PERMA-300x170.jpg 300w, https:\/\/pilarzurita.cl\/wp-content\/uploads\/2020\/03\/PERMA-768x434.jpg 768w, https:\/\/pilarzurita.cl\/wp-content\/uploads\/2020\/03\/PERMA-720x407.jpg 720w\" sizes=\"auto, (max-width: 594px) 100vw, 594px\" \/><\/figure>\n\n\n\n<p><strong>P<\/strong>&nbsp;Emociones positivas (Positive Emotions)<\/p>\n\n\n\n<p><strong>E<\/strong>&nbsp;Engagement (no existe una traducci\u00f3n espec\u00edfica pero refiere al compromiso y a la motivaci\u00f3n de los empleados. Suele ser traducido como Involucramiento)<\/p>\n\n\n\n<p><strong>R<\/strong>&nbsp;Relaciones Positivas (Relationship)<\/p>\n\n\n\n<p><strong>M<\/strong>&nbsp;Significado (Meaning)<\/p>\n\n\n\n<p><strong>A<\/strong>&nbsp;Logro (Accomplishment)<\/p>\n\n\n\n<p>El P.E.R.M.A. est\u00e1 orientado a todas las \u00e1reas de nuestra vida. Pero miremos qu\u00e9 pasa al focalizarla al trabajo.<\/p>\n\n\n\n<p>Veamos cada una de ellas:<\/p>\n\n\n\n<p><strong>Emociones Positivas:<\/strong>&nbsp;Es el concepto que m\u00e1s se asocia a lo que entendemos por felicidad com\u00fanmente. Tiene que ver con experimentar emociones positivas durante el d\u00eda (como el optimismo, la capacidad de amar, la alegr\u00eda, entre otros), lo que adem\u00e1s se traduce en palabras positivas que decimos. Esto llevar\u00e1 a su vez, a disminuir las emociones negativas, lo que conlleva a un mayor bienestar y calidad de vida. Las personas positivas tienen un mejor desempe\u00f1o en la vida (\u00a1atenci\u00f3n jefes! \u00a1Este punto es importante!), adem\u00e1s se siente mejor consigo mismo y con los dem\u00e1s, junto con disfrutar m\u00e1s cada momento de la vida. En el mundo del trabajo pareciera que esto es \u201cel sue\u00f1o del pibe\u201d sin embargo, pasa por la actitud con que todos enfrentemos nuestro trabajo. Especialmente las jefaturas. Deber\u00e1n aprender a focalizarse en aspectos positivos y no s\u00f3lo en los errores o en lo que est\u00e1 pendiente de llevarse a cabo. Utilizar palabras de agradecimiento por lo que se realiza y\/o felicitar a las personas por sus logros, son peque\u00f1os gestos que hacen que las culturas organizacionales vayan sacando lo mejor de s\u00ed (en psicolog\u00eda positiva a esto se le denomina \u201cflorecimiento\u201d). \u00a1Atenci\u00f3n! Las emociones positivas no est\u00e1n relegadas al \u00e1mbito privado. Nuestra vida la pasamos mayormente en el trabajo. Aprendamos a disfrutarlo y a que otros lo hagan tambi\u00e9n.<\/p>\n\n\n\n<p><strong>Involucramiento:<\/strong>&nbsp;se refiere a la capacidad de involucrarse en las actividades cotidianas, sean estas placenteras o no, y alcanzar el \u201c<em>flow<\/em>\u201d (fluir con el goce de lo que se est\u00e1 realizando. Se refiere a esos momentos en que estamos tan concentrados en algo que no nos damos cuenta c\u00f3mo pasa el tiempo). Cuando estamos enfrentados a algo que no es de nuestro agrado, pero ponemos en juego nuestras fortalezas, la percepci\u00f3n que tenemos de nuestro quehacer se modifica y nuestro bienestar aumenta. As\u00ed que, si es de aquellos que no disfruta tanto lo que hace, dele una vuelta que \u00a1a\u00fan es tiempo de lograrlo! El primer paso es identificar y reconocer nuestras fortalezas y pasiones para trabajar con un sentido de realizaci\u00f3n personal.<\/p>\n\n\n\n<p><strong>Relaciones Positivas<\/strong>: implica la generaci\u00f3n de relaciones constructivas. Cultivar este tipo de relaciones permite experimentar la sensaci\u00f3n de estar acompa\u00f1ado en el mundo, de cobijo y gratificaciones. Esto ayudar\u00e1 a enfrentar los momentos dif\u00edciles. Lograr este tipo de relaciones ayuda a mantener nuestro nivel de bienestar alto. Recuerde que no estamos solos en el mundo y que, de hecho, es una necesidad humana sentirnos conectados con otros. Y en el trabajo, \u00a1qu\u00e9 importante es tener buenas relaciones! (y que sean genuinamente buenas). Estas facilitar\u00e1n la generaci\u00f3n de confianzas y un agradable clima laboral que favorecer\u00e1 el deseo de las personas por formar parte de la empresa. Los seres humanos tenemos muchas motivaciones diversas en relaci\u00f3n con el trabajo. La remuneraci\u00f3n econ\u00f3mica es s\u00f3lo una de ellas. Hoy, uno de los elementos centrales por lo que las personas eligen o no trabajar en un lugar, es precisamente la que tiene que ver con la calidad de vida dentro del espacio laboral y las relaciones positivas son clave para ello.<\/p>\n\n\n\n<p><strong>Significado:<\/strong>&nbsp;las personas buscamos darle un sentido m\u00e1s trascendente a nuestra vida para que \u00e9sta, como bien dice el concepto, tenga mayor significado. De ah\u00ed que buscamos formar parte de agrupaciones como la pol\u00edtica, la religi\u00f3n, grupos sociales o deportivos, etc. En el trabajo, buscar el significado implica tambi\u00e9n que lo que hacemos sirva para algo mayor a que s\u00f3lo sea la mera ejecuci\u00f3n de tareas. Darle un sentido mayor, tambi\u00e9n ayuda a trazar caminos y a caminarlos de manera coherente. El significado ayuda a tener un prop\u00f3sito, el cual se transforma en objetivos y permite avanzar hacia ellos.<\/p>\n\n\n\n<p><strong>Logro<\/strong>: una vez que hemos sentido que tenemos un significado mayor y que somos capaces de alcanzarlo, ponemos manos a la obra en busca de los resultados. Cuando nos disponemos con llam\u00e9moslas as\u00ed, energ\u00edas positivas para hacerlo, lo m\u00e1s probable es que alcancemos nuestras metas. Esto, porque predisponemos todas nuestras fortalezas y capacidades con ese fin. Cuando, por el contrario, desde el comienzo no creemos que sea posible alcanzar alguna meta, lo m\u00e1s probable es que se convierta en una profec\u00eda autocumplida. La determinaci\u00f3n es importante en este proceso. Meta con sentido y determinaci\u00f3n en alcanzarla, junto con una actitud positiva y con un sentido de competencia (es decir, que nosotros mismos somos competentes para lograrlo), es un m\u00e9todo altamente infalible.<\/p>\n\n\n\n<p>Y t\u00fa, \u00bfd\u00f3nde crees que tendr\u00edas que ponerle m\u00e1s esfuerzo? Un poquito de esfuerzo para resultados exitosos\u2026int\u00e9ntalo.<\/p>\n\n\n\n<p>Publicado el 30\/01\/2015 en&nbsp;<a href=\"http:\/\/www.cetep.cl\/web\/?p=7916\">http:\/\/www.cetep.cl\/web\/?p=7916<\/a><\/p>\n","protected":false},"excerpt":{"rendered":"<p>Cuando hablamos de bienestar y salud mental, hay un espacio de nuestra vida al que poca atenci\u00f3n le hemos puesto al respecto: el mundo del trabajo. Hace ya 17 a\u00f1os, el fundador de la Psicolog\u00eda Positiva Martin Seligman, ha venido trabajando el tema de la felicidad y el bienestar en diversos aspectos de nuestra vida. [&hellip;]<\/p>\n","protected":false},"author":1,"featured_media":0,"comment_status":"open","ping_status":"open","sticky":false,"template":"elementor_header_footer","format":"standard","meta":{"footnotes":""},"categories":[1],"tags":[],"class_list":["post-181","post","type-post","status-publish","format-standard","hentry","category-uncategorized"],"yoast_head":"<!-- This site is optimized with the Yoast SEO plugin v14.0.4 - https:\/\/yoast.com\/wordpress\/plugins\/seo\/ -->\n<title>En el mes del trabajo, \u00a1p\u00f3ngale P.E.R.M.A. al suyo! - Pilar Zurita<\/title>\n<meta name=\"robots\" content=\"index, follow\" \/>\n<meta name=\"googlebot\" content=\"index, follow, max-snippet:-1, max-image-preview:large, max-video-preview:-1\" \/>\n<meta name=\"bingbot\" content=\"index, follow, max-snippet:-1, max-image-preview:large, max-video-preview:-1\" \/>\n<link rel=\"canonical\" href=\"https:\/\/pilarzurita.cl\/?p=181\" \/>\n<meta property=\"og:locale\" content=\"es_ES\" \/>\n<meta property=\"og:type\" content=\"article\" \/>\n<meta property=\"og:title\" content=\"En el mes del trabajo, \u00a1p\u00f3ngale P.E.R.M.A. al suyo! - Pilar Zurita\" \/>\n<meta property=\"og:description\" content=\"Cuando hablamos de bienestar y salud mental, hay un espacio de nuestra vida al que poca atenci\u00f3n le hemos puesto al respecto: el mundo del trabajo. Hace ya 17 a\u00f1os, el fundador de la Psicolog\u00eda Positiva Martin Seligman, ha venido trabajando el tema de la felicidad y el bienestar en diversos aspectos de nuestra vida. [&hellip;]\" \/>\n<meta property=\"og:url\" content=\"https:\/\/pilarzurita.cl\/?p=181\" \/>\n<meta property=\"og:site_name\" content=\"Pilar Zurita\" \/>\n<meta property=\"article:published_time\" content=\"2020-03-28T04:10:08+00:00\" \/>\n<meta property=\"article:modified_time\" content=\"2020-04-05T22:42:17+00:00\" \/>\n<meta property=\"og:image\" content=\"https:\/\/pilarzurita.cl\/wp-content\/uploads\/2020\/03\/PERMA.jpg\" \/>\n<meta name=\"twitter:card\" content=\"summary_large_image\" \/>\n<script type=\"application\/ld+json\" class=\"yoast-schema-graph\">{\"@context\":\"https:\/\/schema.org\",\"@graph\":[{\"@type\":\"WebSite\",\"@id\":\"https:\/\/pilarzurita.cl\/#website\",\"url\":\"https:\/\/pilarzurita.cl\/\",\"name\":\"Pilar Zurita\",\"description\":\"Asesor\\u00eda y Consultor\\u00eda en Bienestar\",\"potentialAction\":[{\"@type\":\"SearchAction\",\"target\":\"https:\/\/pilarzurita.cl\/?s={search_term_string}\",\"query-input\":\"required name=search_term_string\"}],\"inLanguage\":\"es\"},{\"@type\":\"ImageObject\",\"@id\":\"https:\/\/pilarzurita.cl\/?p=181#primaryimage\",\"inLanguage\":\"es\",\"url\":\"https:\/\/pilarzurita.cl\/wp-content\/uploads\/2020\/03\/PERMA.jpg\",\"width\":1024,\"height\":579},{\"@type\":\"WebPage\",\"@id\":\"https:\/\/pilarzurita.cl\/?p=181#webpage\",\"url\":\"https:\/\/pilarzurita.cl\/?p=181\",\"name\":\"En el mes del trabajo, \\u00a1p\\u00f3ngale P.E.R.M.A. al suyo! - Pilar Zurita\",\"isPartOf\":{\"@id\":\"https:\/\/pilarzurita.cl\/#website\"},\"primaryImageOfPage\":{\"@id\":\"https:\/\/pilarzurita.cl\/?p=181#primaryimage\"},\"datePublished\":\"2020-03-28T04:10:08+00:00\",\"dateModified\":\"2020-04-05T22:42:17+00:00\",\"author\":{\"@id\":\"https:\/\/pilarzurita.cl\/#\/schema\/person\/5514707af9a90bc3c1697ba68b366b9e\"},\"inLanguage\":\"es\",\"potentialAction\":[{\"@type\":\"ReadAction\",\"target\":[\"https:\/\/pilarzurita.cl\/?p=181\"]}]},{\"@type\":[\"Person\"],\"@id\":\"https:\/\/pilarzurita.cl\/#\/schema\/person\/5514707af9a90bc3c1697ba68b366b9e\",\"name\":\"admin\",\"image\":{\"@type\":\"ImageObject\",\"@id\":\"https:\/\/pilarzurita.cl\/#personlogo\",\"inLanguage\":\"es\",\"url\":\"https:\/\/secure.gravatar.com\/avatar\/17f1fb97ff1e50172f49ee12a2893bb5?s=96&d=mm&r=g\",\"caption\":\"admin\"}}]}<\/script>\n<!-- \/ Yoast SEO plugin. -->","_links":{"self":[{"href":"https:\/\/pilarzurita.cl\/index.php?rest_route=\/wp\/v2\/posts\/181","targetHints":{"allow":["GET"]}}],"collection":[{"href":"https:\/\/pilarzurita.cl\/index.php?rest_route=\/wp\/v2\/posts"}],"about":[{"href":"https:\/\/pilarzurita.cl\/index.php?rest_route=\/wp\/v2\/types\/post"}],"author":[{"embeddable":true,"href":"https:\/\/pilarzurita.cl\/index.php?rest_route=\/wp\/v2\/users\/1"}],"replies":[{"embeddable":true,"href":"https:\/\/pilarzurita.cl\/index.php?rest_route=%2Fwp%2Fv2%2Fcomments&post=181"}],"version-history":[{"count":1,"href":"https:\/\/pilarzurita.cl\/index.php?rest_route=\/wp\/v2\/posts\/181\/revisions"}],"predecessor-version":[{"id":183,"href":"https:\/\/pilarzurita.cl\/index.php?rest_route=\/wp\/v2\/posts\/181\/revisions\/183"}],"wp:attachment":[{"href":"https:\/\/pilarzurita.cl\/index.php?rest_route=%2Fwp%2Fv2%2Fmedia&parent=181"}],"wp:term":[{"taxonomy":"category","embeddable":true,"href":"https:\/\/pilarzurita.cl\/index.php?rest_route=%2Fwp%2Fv2%2Fcategories&post=181"},{"taxonomy":"post_tag","embeddable":true,"href":"https:\/\/pilarzurita.cl\/index.php?rest_route=%2Fwp%2Fv2%2Ftags&post=181"}],"curies":[{"name":"wp","href":"https:\/\/api.w.org\/{rel}","templated":true}]}}